{"id":1200,"date":"2023-09-26T12:37:13","date_gmt":"2023-09-26T10:37:13","guid":{"rendered":"http:\/\/karnavires.org\/?p=1200"},"modified":"2025-01-12T15:13:11","modified_gmt":"2025-01-12T14:13:11","slug":"nuit-de-lumiere-a-lieusaint-photos-celine-jarnet","status":"publish","type":"post","link":"http:\/\/karnavires.org\/en\/nuit-de-lumiere-a-lieusaint-photos-celine-jarnet\/","title":{"rendered":"Grand Concours de feux d&#8217;artifices Inter Quartiers"},"content":{"rendered":"<div id=\"pl-1200\"  class=\"panel-layout\" ><div id=\"pg-1200-0\"  class=\"panel-grid panel-no-style\" ><div id=\"pgc-1200-0-0\"  class=\"panel-grid-cell\" ><div id=\"panel-1200-0-0-0\" class=\"so-panel widget widget_sow-editor panel-first-child\" data-index=\"0\" ><div\n\t\t\t\n\t\t\tclass=\"so-widget-sow-editor so-widget-sow-editor-base\"\n\t\t\t\n\t\t><h3 class=\"widget-title\">Karnavires - Lieux Publics - Cit\u00e9 Des Arts de la Rue - Addap13<\/h3>\n<div class=\"siteorigin-widget-tinymce textwidget\">\n\t<p><span class=\"yt-core-attributed-string yt-core-attributed-string--white-space-pre-wrap\" dir=\"auto\" role=\"text\"><span class=\"yt-core-attributed-string--link-inherit-color\" dir=\"auto\">Du 9 au 13 d\u00e9cembre 2024, les com\u00e9dien\u00b7ne\u00b7s artificier\u00b7e\u00b7s de KaRNaVIrES et les sc\u00e9nographes-constructeur\u00b7rice\u00b7s de Lieux Publics ( CNAREP &amp; P\u00f4le europ\u00e9en de cr\u00e9ation, ont accueilli, \u00e0 La Cit\u00e9 des arts de la rue (Marseille 15e), trois \u00e9quipes de jeunes des quartiers voisins (La Viste, Campagne L\u00e9v\u00eaque, La Castellane) accompagn\u00e9es par l'ADDAP13 pour pr\u00e9parer le grand concours inter-quartiers de feux d\u2019artifice. Techniques d\u2019artifices, \u00e9criture, et mise en sc\u00e8ne, chaque \u00e9quipe compose sa partition \u00e0 partir d\u2019une base commune : une dur\u00e9e, un th\u00e8me et une quantit\u00e9 de poudre. <\/span><\/span><\/p>\n<p><span class=\"yt-core-attributed-string yt-core-attributed-string--white-space-pre-wrap\" dir=\"auto\" role=\"text\"><span class=\"yt-core-attributed-string--link-inherit-color\" dir=\"auto\">L\u2019\u00e9quipe vainqueure a \u00e9t\u00e9 d\u00e9sign\u00e9e \u00e0 l\u2019applaudim\u00e8tre, \u00e0 l'occasion de l'\u00e9v\u00e8nement \ud835\ude49\ud835\ude64\ud835\ude5a\u0308\ud835\ude61 \ud835\ude59\ud835\ude56\ud835\ude63\ud835\ude68 \ud835\ude61\ud835\ude5a \ud835\ude4b\ud835\ude56\ud835\ude67\ud835\ude58 de la Mairie du 15\/16 de Marseille le vendredi 13 d\u00e9cembre 2024 au Parc Fran\u00e7ois Billoux ! <\/span><\/span><\/p>\n<p><span class=\"yt-core-attributed-string yt-core-attributed-string--white-space-pre-wrap\" dir=\"auto\" role=\"text\"><span class=\"yt-core-attributed-string--link-inherit-color\" dir=\"auto\">D\u00e9couvrez ce projet exceptionnel gr\u00e2ce \u00e0 l'after-movie r\u00e9alis\u00e9 par Johann Prod'homme. <\/span><\/span><\/p>\n<p><span class=\"yt-core-attributed-string yt-core-attributed-string--white-space-pre-wrap\" dir=\"auto\" role=\"text\"><span class=\"yt-core-attributed-string--link-inherit-color\" dir=\"auto\">En partenariat avec la Mairie du 15\/16 et le groupe ADDAP13 Avec le soutien de la DRAC PACA, le Conseil D\u00e9partemental 13, La Cit\u00e9 \u00c9ducative Marseille Nord<\/span><\/span><\/p>\n<div id=\"snippet\" class=\"style-scope ytd-text-inline-expander\"><\/div>\n<div class=\"style-scope ytd-watch-metadata\">\n<div id=\"items\" class=\"style-scope ytd-structured-description-content-renderer\">\n<div id=\"header-container\" class=\"style-scope ytd-horizontal-card-list-renderer\">\n<div class=\"title-row style-scope ytd-rich-list-header-renderer\">\n<div id=\"avatar\" class=\"style-scope ytd-rich-list-header-renderer\"><\/div>\n<div id=\"title-text\" class=\"style-scope ytd-rich-list-header-renderer\"><\/div>\n<\/div>\n<\/div>\n<\/div>\n<\/div>\n<\/div>\n<\/div><\/div><div id=\"panel-1200-0-0-1\" class=\"so-panel widget widget_media_video panel-last-child\" data-index=\"1\" ><h3 class=\"widget-title\">Grand concours de feux d&#8217;artifices Inter quartiers &#8211; MARSEILLE Dec2024<\/h3><div style=\"width:100%;\" class=\"wp-video\"><!--[if lt IE 9]><script>document.createElement('video');<\/script><![endif]-->\n<video class=\"wp-video-shortcode\" id=\"video-1200-1\" preload=\"metadata\" controls=\"controls\"><source type=\"video\/youtube\" src=\"https:\/\/www.youtube.com\/watch?v=mOolkDeD67Q&#038;_=1\" \/><a href=\"https:\/\/www.youtube.com\/watch?v=mOolkDeD67Q\">https:\/\/www.youtube.com\/watch?v=mOolkDeD67Q<\/a><\/video><\/div><\/div><\/div><\/div><\/div>","protected":false},"excerpt":{"rendered":"<p>Du 9 au 13 d\u00e9cembre 2024, les com\u00e9dien\u00b7ne\u00b7s artificier\u00b7e\u00b7s de KaRNaVIrES et les sc\u00e9nographes-constructeur\u00b7rice\u00b7s de Lieux Publics ( CNAREP &amp; P\u00f4le europ\u00e9en de cr\u00e9ation, ont accueilli, \u00e0 La Cit\u00e9 des arts de la rue (Marseille 15e), trois \u00e9quipes de jeunes des quartiers voisins (La Viste, Campagne L\u00e9v\u00eaque, La Castellane) accompagn\u00e9es par l&#8217;ADDAP13 pour pr\u00e9parer le grand concours inter-quartiers de feux&#8230;<\/p>\n","protected":false},"author":2,"featured_media":1288,"comment_status":"closed","ping_status":"closed","sticky":false,"template":"","format":"standard","meta":[],"categories":[6],"tags":[],"_links":{"self":[{"href":"http:\/\/karnavires.org\/en\/wp-json\/wp\/v2\/posts\/1200"}],"collection":[{"href":"http:\/\/karnavires.org\/en\/wp-json\/wp\/v2\/posts"}],"about":[{"href":"http:\/\/karnavires.org\/en\/wp-json\/wp\/v2\/types\/post"}],"author":[{"embeddable":true,"href":"http:\/\/karnavires.org\/en\/wp-json\/wp\/v2\/users\/2"}],"replies":[{"embeddable":true,"href":"http:\/\/karnavires.org\/en\/wp-json\/wp\/v2\/comments?post=1200"}],"version-history":[{"count":10,"href":"http:\/\/karnavires.org\/en\/wp-json\/wp\/v2\/posts\/1200\/revisions"}],"predecessor-version":[{"id":1287,"href":"http:\/\/karnavires.org\/en\/wp-json\/wp\/v2\/posts\/1200\/revisions\/1287"}],"wp:featuredmedia":[{"embeddable":true,"href":"http:\/\/karnavires.org\/en\/wp-json\/wp\/v2\/media\/1288"}],"wp:attachment":[{"href":"http:\/\/karnavires.org\/en\/wp-json\/wp\/v2\/media?parent=1200"}],"wp:term":[{"taxonomy":"category","embeddable":true,"href":"http:\/\/karnavires.org\/en\/wp-json\/wp\/v2\/categories?post=1200"},{"taxonomy":"post_tag","embeddable":true,"href":"http:\/\/karnavires.org\/en\/wp-json\/wp\/v2\/tags?post=1200"}],"curies":[{"name":"wp","href":"https:\/\/api.w.org\/{rel}","templated":true}]}}